{"id":688,"date":"2021-02-13T06:05:30","date_gmt":"2021-02-13T06:05:30","guid":{"rendered":"http:\/\/capitangrog3.solucionesit.eu\/?p=688"},"modified":"2021-04-16T17:12:44","modified_gmt":"2021-04-16T17:12:44","slug":"688","status":"publish","type":"post","link":"https:\/\/capitangrog.com\/index.php\/2021\/02\/13\/688\/","title":{"rendered":"La moto perfecta"},"content":{"rendered":"\n<div class=\"wp-block-image\"><figure class=\"aligncenter size-large is-resized\"><img loading=\"lazy\" decoding=\"async\" src=\"https:\/\/capitangrog.com\/wp-content\/uploads\/2021\/02\/Gilera-2.jpg\" alt=\"\" class=\"wp-image-689\" width=\"302\" height=\"334\"\/><\/figure><\/div>\n\n\n\n<p class=\"has-white-color has-black-background-color has-text-color has-background\">Fue hace mucho tiempo. Un d\u00eda inolvidable. Por fin mi propia moto estaba aparcada en el garaje, junto a la del Capi.&nbsp;Lo malo es que pasaron m\u00e1s de seis meses hasta que me dejaron usarla con normalidad.&nbsp;Era una Gilera de 50 cc. Blanca y muy, muy vieja.&nbsp;Los fines de semana siempre sal\u00eda con ella para dar una vuelta por el campo. Eso era los s\u00e1bados por las ma\u00f1anas. Por la tarde siempre hab\u00eda que apretar tornillos y sustituir alguna pieza que se hab\u00eda roto, pero como los talleres y las tiendas no abren los s\u00e1bados por la tarde&#8230;&nbsp;El s\u00e1bado siguiente hab\u00eda que montar las piezas conseguidas durante la semana. Entonces la salida se dejaba para el domingo por la ma\u00f1ana y el domingo por la tarde otra vez a arreglar media moto.&nbsp;Eso s\u00ed, solo me dej\u00f3 tirado en&nbsp;contadas ocasiones.&nbsp;Los colegas se re\u00edan de ella y de c\u00f3mo me quedaba el casco. Yo me re\u00eda de ellos porque no ten\u00edan moto. La verdad es que el casco me quedaba de pena y la moto era bastante fea, pero en el fondo deb\u00eda de ser pura envidia.&nbsp;En aquellos tiempos no sab\u00eda arreglar ni una bici, as\u00ed que todo ese trabajo semanal de \u00abmantenimiento\u00bb era por cortes\u00eda del Capi. (Aprovecho para darle las gracias).&nbsp;Pues con ese cacharro, no solo aprend\u00ed a llevar una moto, a esquivar a la guardia civil, a correr mil aventuras, a saltar con el Muerto (Barrab\u00e1s), a escapar de la caja tonta, a escapar de los deberes, en fin, a no ser un aut\u00f3mata y tener algo m\u00e1s en el coco que ver a los Serrano o Gran Hermano, sino que me d\u00ed cuenta de que otros moteros pensaban como yo. Guay, no era el \u00fanico. Hab\u00eda otra vida m\u00e1s all\u00e1 de la rutina.&nbsp;Creo que es&nbsp;b\u00e1sicamente la filosof\u00eda del motero, el buscar aventuras y escapar de lo cotidiano, conociendo gentes y lugares nuevos en cada viaje.&nbsp;Pero para ser motero lo m\u00e1s importante es tener moto y eso se lo tengo que agradecer a aquella Gilera de 50 cc. Para m\u00ed, la moto perfecta. Sin ninguna duda, ninguna moto me har\u00e1 sentir igual.&nbsp;Hay otro tipo de personas que se creen moteros, pero s\u00f3lo compran motos espectaculares para dar la nota y llamar la atenci\u00f3n. Se distinguen f\u00e1cilmente porque la mayor\u00eda viven con pap\u00e1. Son los que no se ponen el casco para no despeinarse o para que se les vea el careto, porque se creen muy guapos.&nbsp;A ese tipo de gilipollas, les juro que no les cambiaba aquella Gilera de 50 cc. por ninguna de sus flamantes RR. Ahora tengo una XS-400 que s\u00ed estoy dispuesto&nbsp;a cambiar por una R o dos.&nbsp;Tiene que haber de todo en este mundo, pero doy las gracias de nuevo al Capi por llevarme por el buen camino. Las personas se deben de medir por lo que son, igual que a los moteros no se les debe juzgar por la moto que llevan, sino por c\u00f3mo la llevan. Rossi ha demostrado \u00e9ste \u00faltimo punto recientemente.&nbsp;Aprovecho para incitar al que lea \u00e9sto, que no se\u00e1is perros y que mand\u00e9is vuestra historias al Capi. Hostias.<\/p>\n\n\n\n<p class=\"has-text-align-center has-white-color has-black-background-color has-text-color has-background\">                                                                                       &nbsp;&nbsp;Pollo<\/p>\n ","protected":false},"excerpt":{"rendered":"<p>Fue hace mucho tiempo. Un d\u00eda inolvidable. Por fin mi propia moto estaba aparcada en el garaje, junto a la<\/p>\n<p><a href=\"https:\/\/capitangrog.com\/index.php\/2021\/02\/13\/688\/\" class=\"more-link\">Continue reading<span class=\"screen-reader-text\">La moto perfecta<\/span><\/a><\/p>\n","protected":false},"author":1,"featured_media":0,"comment_status":"closed","ping_status":"closed","sticky":false,"template":"","format":"standard","meta":{"footnotes":""},"categories":[1],"tags":[],"class_list":["post-688","post","type-post","status-publish","format-standard","hentry","category-sin-categoria"],"_links":{"self":[{"href":"https:\/\/capitangrog.com\/index.php\/wp-json\/wp\/v2\/posts\/688","targetHints":{"allow":["GET"]}}],"collection":[{"href":"https:\/\/capitangrog.com\/index.php\/wp-json\/wp\/v2\/posts"}],"about":[{"href":"https:\/\/capitangrog.com\/index.php\/wp-json\/wp\/v2\/types\/post"}],"author":[{"embeddable":true,"href":"https:\/\/capitangrog.com\/index.php\/wp-json\/wp\/v2\/users\/1"}],"replies":[{"embeddable":true,"href":"https:\/\/capitangrog.com\/index.php\/wp-json\/wp\/v2\/comments?post=688"}],"version-history":[{"count":8,"href":"https:\/\/capitangrog.com\/index.php\/wp-json\/wp\/v2\/posts\/688\/revisions"}],"predecessor-version":[{"id":1172,"href":"https:\/\/capitangrog.com\/index.php\/wp-json\/wp\/v2\/posts\/688\/revisions\/1172"}],"wp:attachment":[{"href":"https:\/\/capitangrog.com\/index.php\/wp-json\/wp\/v2\/media?parent=688"}],"wp:term":[{"taxonomy":"category","embeddable":true,"href":"https:\/\/capitangrog.com\/index.php\/wp-json\/wp\/v2\/categories?post=688"},{"taxonomy":"post_tag","embeddable":true,"href":"https:\/\/capitangrog.com\/index.php\/wp-json\/wp\/v2\/tags?post=688"}],"curies":[{"name":"wp","href":"https:\/\/api.w.org\/{rel}","templated":true}]}}